{"id":7587,"date":"2026-04-21T09:55:00","date_gmt":"2026-04-21T09:55:00","guid":{"rendered":"\/?p=7587"},"modified":"2026-04-27T08:55:53","modified_gmt":"2026-04-27T08:55:53","slug":"a-dozsa-telepi-tagintezmenyben-ismet-megrendezesre-kerult-a-tavaszi-versmondo-verseny-aprilis-16-an","status":"publish","type":"post","link":"\/?p=7587","title":{"rendered":"A D\u00f3zsa-Telepi Tagint\u00e9zm\u00e9nyben ism\u00e9t megrendez\u00e9sre ker\u00fclt a Tavaszi Versmond\u00f3 Verseny \u00e1prilis 16-\u00e1n"},"content":{"rendered":"\n<div dir=\"auto\">Ami az id\u00e9n is nagy sikert aratott. A rendezv\u00e9nyen 6 \u00e9vfolyamb\u00f3l 27 versenyz\u0151 m\u00e9rettette meg mag\u00e1t. A zs\u0171rinek (Mih\u00e1ly J\u00e1nosn\u00e9, Vida Mih\u00e1lyn\u00e9, R\u00f3zsa Margar\u00e9ta) igen neh\u00e9z dolga volt az \u00e9rt\u00e9kel\u00e9sben. K\u00f6sz\u00f6nj\u00fck a munk\u00e1jukat!<\/div>\n<div dir=\"auto\">Helyezettek:<\/div>\n<div dir=\"auto\">1-2. oszt\u00e1lyos kateg\u00f3ri\u00e1ban:<\/div>\n<div dir=\"auto\">1. helyez\u00e9s Nagy Letti 2. c (Felk. nevel\u0151: Csern\u00e1k Lajosn\u00e9)<\/div>\n<div dir=\"auto\">2. helyez\u00e9s Szab\u00f3 Lotti 2. c (Felk. nevel\u0151: Csern\u00e1k Lajosn\u00e9)<\/div>\n<div dir=\"auto\">3. Varga Marcell 1. c (Felk. nevel\u0151: K\u00f6bl\u00f6s Edina)<\/div>\n<div dir=\"auto\">3-4. oszt\u00e1lyos kateg\u00f3ri\u00e1ban:<\/div>\n<div dir=\"auto\">1. helyez\u00e9s Sz\u0151ke Dominik 3. c (Felk. nevel\u0151: Terb\u00e1n-Szecsk\u00f3 D\u00f3ra)<\/div>\n<div dir=\"auto\">2. helyez\u00e9s Herczeg Hanna Kitti 3. c (Felk. nevel\u0151: Terb\u00e1n-Szecsk\u00f3 D\u00f3ra)<\/div>\n<div dir=\"auto\">3. helyez\u00e9s Kolomp\u00e1r Linett 3. c (Felk. nevel\u0151: Terb\u00e1n-Szecsk\u00f3 D\u00f3ra)<\/div>\n<div dir=\"auto\">k\u00fcl\u00f6nd\u00edj K\u00e1rolyi Ad\u00e9l Kitti 3. c (Felk. nevel\u0151: Terb\u00e1n-Szecsk\u00f3 D\u00f3ra)<\/div>\n<div dir=\"auto\">Tov\u00e1bbjutott a v\u00e1rosi versmond\u00f3 versenyre m\u00e9g Doszt\u00e1s Lea 3. c (Felk. nevel\u0151: Terb\u00e1n-Szecsk\u00f3 D\u00f3ra), Kiss J\u00f3zsef 3. c (Felk. nevel\u0151: Terb\u00e1n-Szecsk\u00f3 D\u00f3ra), Doszt\u00e1s Zo\u00e9 4. c (Felk. nevel\u0151: R\u00e1cz Anett)<\/div>\n<div dir=\"auto\">Fels\u0151 tagozatos kateg\u00f3ri\u00e1ban:<\/div>\n<div dir=\"auto\">1. helyez\u00e9s N\u00e9met Netta Panka 5. c (Felk. nevel\u0151: Bodn\u00e1r Henriette)<\/div>\n<div dir=\"auto\">2. Dobi M\u00e1t\u00e9 6. c (Felk. nevel\u0151: Bodn\u00e1r Henriette)<\/div>\n<div dir=\"auto\">3. S\u00f3lyom Lia 6. c (Felk. nevel\u0151: Bodn\u00e1r Henriette)<\/div>\n<div dir=\"auto\">Tov\u00e1bbjutottak a v\u00e1rosi versmond\u00f3 versenyre m\u00e9g Malik Barnab\u00e1s 6.c, Malik \u00c1d\u00e1m 6.c, Fazekas Daniella 6.c, Harmat H\u00e9di 5. c (Felk. nevel\u0151j\u00fck: Bodn\u00e1r Henriette)<\/div>\n<div dir=\"auto\">Gratul\u00e1lunk minden kis di\u00e1knak, aki a versenyen elindult \u00e9s k\u00f6sz\u00f6nj\u00fck a felk\u00e9sz\u00edt\u0151 nevel\u0151k munk\u00e1j\u00e1t<\/div>\n\n\n\n<figure class=\"wp-block-gallery has-nested-images columns-default is-cropped wp-block-gallery-1 is-layout-flex wp-block-gallery-is-layout-flex\">\n<figure class=\"wp-block-image size-large\"><a href=\"\/wp-content\/uploads\/2026\/04\/679087967_1553139256816141_4663301260925031282_n.jpg\"><img loading=\"lazy\" decoding=\"async\" width=\"1024\" height=\"768\" data-id=\"7588\" src=\"\/wp-content\/uploads\/2026\/04\/679087967_1553139256816141_4663301260925031282_n-1024x768.jpg\" alt=\"\" class=\"wp-image-7588\" srcset=\"\/wp-content\/uploads\/2026\/04\/679087967_1553139256816141_4663301260925031282_n-1024x768.jpg 1024w, \/wp-content\/uploads\/2026\/04\/679087967_1553139256816141_4663301260925031282_n-300x225.jpg 300w, \/wp-content\/uploads\/2026\/04\/679087967_1553139256816141_4663301260925031282_n-768x576.jpg 768w, \/wp-content\/uploads\/2026\/04\/679087967_1553139256816141_4663301260925031282_n-1536x1152.jpg 1536w, \/wp-content\/uploads\/2026\/04\/679087967_1553139256816141_4663301260925031282_n.jpg 2048w\" sizes=\"auto, (max-width: 1024px) 100vw, 1024px\" \/><\/a><\/figure>\n\n\n\n<figure class=\"wp-block-image size-large\"><a href=\"\/wp-content\/uploads\/2026\/04\/678655289_1553139253482808_6464450778786381585_n.jpg\"><img loading=\"lazy\" decoding=\"async\" width=\"768\" height=\"1024\" data-id=\"7589\" src=\"\/wp-content\/uploads\/2026\/04\/678655289_1553139253482808_6464450778786381585_n-768x1024.jpg\" alt=\"\" class=\"wp-image-7589\" srcset=\"\/wp-content\/uploads\/2026\/04\/678655289_1553139253482808_6464450778786381585_n-768x1024.jpg 768w, \/wp-content\/uploads\/2026\/04\/678655289_1553139253482808_6464450778786381585_n-225x300.jpg 225w, \/wp-content\/uploads\/2026\/04\/678655289_1553139253482808_6464450778786381585_n-1152x1536.jpg 1152w, \/wp-content\/uploads\/2026\/04\/678655289_1553139253482808_6464450778786381585_n.jpg 1536w\" sizes=\"auto, (max-width: 768px) 100vw, 768px\" \/><\/a><\/figure>\n<\/figure>\n","protected":false},"excerpt":{"rendered":"<p>Ami az id\u00e9n is nagy sikert aratott. A rendezv\u00e9nyen 6 \u00e9vfolyamb\u00f3l 27 versenyz\u0151 m\u00e9rettette meg mag\u00e1t. A zs\u0171rinek (Mih\u00e1ly J\u00e1nosn\u00e9, Vida Mih\u00e1lyn\u00e9, R\u00f3zsa Margar\u00e9ta) igen neh\u00e9z dolga volt az \u00e9rt\u00e9kel\u00e9sben. K\u00f6sz\u00f6nj\u00fck a munk\u00e1jukat! Helyezettek: 1-2. oszt\u00e1lyos kateg\u00f3ri\u00e1ban: 1. helyez\u00e9s Nagy Letti 2. c (Felk. nevel\u0151: Csern\u00e1k Lajosn\u00e9) 2. helyez\u00e9s Szab\u00f3 [&hellip;]<\/p>\n","protected":false},"author":1,"featured_media":0,"comment_status":"closed","ping_status":"closed","sticky":false,"template":"","format":"standard","meta":{"footnotes":""},"categories":[32],"tags":[],"class_list":["post-7587","post","type-post","status-publish","format-standard","hentry","category-aktualis"],"_links":{"self":[{"href":"\/index.php?rest_route=\/wp\/v2\/posts\/7587","targetHints":{"allow":["GET"]}}],"collection":[{"href":"\/index.php?rest_route=\/wp\/v2\/posts"}],"about":[{"href":"\/index.php?rest_route=\/wp\/v2\/types\/post"}],"author":[{"embeddable":true,"href":"\/index.php?rest_route=\/wp\/v2\/users\/1"}],"replies":[{"embeddable":true,"href":"\/index.php?rest_route=%2Fwp%2Fv2%2Fcomments&post=7587"}],"version-history":[{"count":1,"href":"\/index.php?rest_route=\/wp\/v2\/posts\/7587\/revisions"}],"predecessor-version":[{"id":7590,"href":"\/index.php?rest_route=\/wp\/v2\/posts\/7587\/revisions\/7590"}],"wp:attachment":[{"href":"\/index.php?rest_route=%2Fwp%2Fv2%2Fmedia&parent=7587"}],"wp:term":[{"taxonomy":"category","embeddable":true,"href":"\/index.php?rest_route=%2Fwp%2Fv2%2Fcategories&post=7587"},{"taxonomy":"post_tag","embeddable":true,"href":"\/index.php?rest_route=%2Fwp%2Fv2%2Ftags&post=7587"}],"curies":[{"name":"wp","href":"https:\/\/api.w.org\/{rel}","templated":true}]}}